{"id":1371,"date":"2024-03-06T13:52:08","date_gmt":"2024-03-06T13:52:08","guid":{"rendered":"https:\/\/www.myrtilledesologne.fr\/actualites\/?p=1371"},"modified":"2024-03-12T08:05:46","modified_gmt":"2024-03-12T08:05:46","slug":"sustainable-natives-et-rse","status":"publish","type":"post","link":"https:\/\/www.myrtilledesologne.fr\/actualites\/sustainable-natives-et-rse\/","title":{"rendered":"Sustainable natives et RSE\u00a0: m\u00eame combat\u00a0!"},"content":{"rendered":"\n<pre class=\"wp-block-verse\">Vous connaissiez les digital natives, qui ont grandi avec des outils num\u00e9riques entre les mains. Voici venus les sustainable natives\u00a0! Ces jeunes adultes ont compris que le d\u00e9veloppement de notre soci\u00e9t\u00e9 ne pourra pas se faire sans prendre en compte la plan\u00e8te. Pour eux, <strong>l\u2019acte d\u2019achat<\/strong> est un acte citoyen et la <strong>responsabilit\u00e9 soci\u00e9tale des entreprises<\/strong> sonne comme une \u00e9vidence. Les attentes des <strong>sustainable natives et la RSE <\/strong>seraient-ils deux mani\u00e8res de dire une m\u00eame r\u00e9alit\u00e9\u00a0? Voyons cela. \n<\/pre>\n\n\n\n<figure class=\"wp-block-image size-large\"><img decoding=\"async\" width=\"1200\" height=\"760\" src=\"https:\/\/www.myrtilledesologne.fr\/actualites\/wp-content\/uploads\/2024\/03\/Sustainable-natives-fruits-1200x760.jpg\" alt=\"\" class=\"wp-image-1382\" srcset=\"https:\/\/www.myrtilledesologne.fr\/actualites\/wp-content\/uploads\/2024\/03\/Sustainable-natives-fruits-1200x760.jpg 1200w, https:\/\/www.myrtilledesologne.fr\/actualites\/wp-content\/uploads\/2024\/03\/Sustainable-natives-fruits-600x380.jpg 600w, https:\/\/www.myrtilledesologne.fr\/actualites\/wp-content\/uploads\/2024\/03\/Sustainable-natives-fruits-768x487.jpg 768w, https:\/\/www.myrtilledesologne.fr\/actualites\/wp-content\/uploads\/2024\/03\/Sustainable-natives-fruits.jpg 1414w\" sizes=\"(max-width: 1200px) 100vw, 1200px\" \/><\/figure>\n\n\n\n<h2 class=\"wp-block-heading\"><strong>Qui sont les sustainable natives&nbsp;?<\/strong><\/h2>\n\n\n\n<p>N\u00e9s dans les ann\u00e9es 2000, les <strong>sustainable natives<\/strong> pourraient influencer profond\u00e9ment le monde du commerce. Comment\u00a0? En remettant en question l\u2019attitude des g\u00e9n\u00e9rations pr\u00e9c\u00e9dentes face au <strong>d\u00e9fi environnemental<\/strong>, quand eux \u00e9rigent la protection de l&rsquo;environnement en principe directeur de leur vie. Une nouvelle approche qui d\u00e9construit les sch\u00e9mas de pens\u00e9e des derni\u00e8res d\u00e9cennies. Particuli\u00e8rement soucieuse de l&rsquo;impact environnemental et social de ses achats, cette g\u00e9n\u00e9ration \u00e9mergente de consommateurs se distingue en effet par une volont\u00e9 de transformer ses habitudes pour contribuer \u00e0 un monde plus \u00e9quitable et <strong>respectueux de l&rsquo;environnement<\/strong>. Ce sont eux les <strong>consom\u2019acteurs<\/strong> de demain !<\/p>\n\n\n\n<h2 class=\"wp-block-heading\"><strong>Influencer les d\u00e9cisions commerciales<\/strong><\/h2>\n\n\n\n<p>Boycott des marques qui ne respectent pas leurs valeurs, partage des opinions sur les r\u00e9seaux sociaux, soutien actif des entreprises qui adoptent des pratiques durables sont autant de possibilit\u00e9s d\u2019actions pour ces sustainable natives dont le pouvoir d\u2019achat va croitre au fil des ann\u00e9es. Et autant de moyens d\u2019influencer les d\u00e9cisions commerciales pour inciter les points de vente \u00e0 adopter des <strong>pratiques plus responsables<\/strong> tout au long de leur cha\u00eene de valeur.<\/p>\n\n\n\n<figure class=\"wp-block-image size-full\"><img decoding=\"async\" width=\"1080\" height=\"710\" src=\"https:\/\/www.myrtilledesologne.fr\/actualites\/wp-content\/uploads\/2024\/03\/Supermarche-RSE.jpg\" alt=\"Sustainable natives et strat\u00e9gie RSE de la grande distribution\" class=\"wp-image-1373\" srcset=\"https:\/\/www.myrtilledesologne.fr\/actualites\/wp-content\/uploads\/2024\/03\/Supermarche-RSE.jpg 1080w, https:\/\/www.myrtilledesologne.fr\/actualites\/wp-content\/uploads\/2024\/03\/Supermarche-RSE-600x394.jpg 600w, https:\/\/www.myrtilledesologne.fr\/actualites\/wp-content\/uploads\/2024\/03\/Supermarche-RSE-150x100.jpg 150w, https:\/\/www.myrtilledesologne.fr\/actualites\/wp-content\/uploads\/2024\/03\/Supermarche-RSE-768x505.jpg 768w\" sizes=\"(max-width: 1080px) 100vw, 1080px\" \/><\/figure>\n\n\n\n<h2 class=\"wp-block-heading\"><strong>Sustainable natives et RSE&nbsp;: quel rapport&nbsp;?<\/strong><\/h2>\n\n\n\n<p>Selon le <a href=\"https:\/\/www.economie.gouv.fr\/\" rel=\"nofollow\">minist\u00e8re de l\u2019\u00e9conomie et des finances<\/a>, la responsabilit\u00e9 soci\u00e9tale des entreprises est \u00ab&nbsp;l&rsquo;int\u00e9gration volontaire par les entreprises de <strong>pr\u00e9occupations sociales et environnementales<\/strong> \u00e0 leurs activit\u00e9s commerciales et leurs relations avec les parties prenantes.&nbsp;\u00bb <\/p>\n\n\n\n<p>Le rapport avec les sustainable natives est donc extr\u00eamement simple\u00a0: ces derniers attendent des entreprises la mise en place de choix de <strong>d\u00e9veloppement \u00e9coresponsables<\/strong>, qui peuvent correspondre \u00e0 une <strong>strat\u00e9gie RSE<\/strong> authentique. Ils veulent des <strong>engagements<\/strong>, mais surtout des actions !<\/p>\n\n\n\n<figure class=\"wp-block-image size-full\"><img decoding=\"async\" width=\"1080\" height=\"651\" src=\"https:\/\/www.myrtilledesologne.fr\/actualites\/wp-content\/uploads\/2024\/03\/Strategie-RSE.jpg\" alt=\"D\u00e9velopper une strat\u00e9gie RSE\" class=\"wp-image-1374\" srcset=\"https:\/\/www.myrtilledesologne.fr\/actualites\/wp-content\/uploads\/2024\/03\/Strategie-RSE.jpg 1080w, https:\/\/www.myrtilledesologne.fr\/actualites\/wp-content\/uploads\/2024\/03\/Strategie-RSE-600x362.jpg 600w, https:\/\/www.myrtilledesologne.fr\/actualites\/wp-content\/uploads\/2024\/03\/Strategie-RSE-768x463.jpg 768w\" sizes=\"(max-width: 1080px) 100vw, 1080px\" \/><\/figure>\n\n\n\n<h2 class=\"wp-block-heading\">ISO 26000, la norme incontournable<\/h2>\n\n\n\n<p>Publi\u00e9e par l&rsquo;Organisation internationale de normalisation (ISO) en 2010, <a href=\"https:\/\/www.iso.org\/fr\/iso-26000-social-responsibility.html\" rel=\"nofollow\">la norme ISO 26000<\/a> \u00e9tablit les lignes directrices relatives \u00e0 la <strong>responsabilit\u00e9 soci\u00e9tale des entreprises<\/strong>. Elle \u00e9claire sur la mani\u00e8re dont les organisations peuvent contribuer de mani\u00e8re \u00e9thique et durable au d\u00e9veloppement durable et au bien-\u00eatre de la soci\u00e9t\u00e9. <\/p>\n\n\n\n<p>Contrairement \u00e0 d&rsquo;autres normes ISO qui sont certifiables, l&rsquo;<strong>ISO 26000<\/strong> est une norme volontaire qui vise \u00e0 encourager les organisations \u00e0 adopter des pratiques responsables sur la base de principes fondamentaux. Elle n&rsquo;est pas contraignante, d&rsquo;o\u00f9 l&rsquo;importance pour les entreprises de la d\u00e9ployer de mani\u00e8re <strong>authentique<\/strong>, sans chercher \u00e0 en faire un pur argument de communication qui ne serait pas fond\u00e9 sur des actions r\u00e9elles. <\/p>\n\n\n\n<p><strong>Voici les 7 questions au coeur d\u2019une strat\u00e9gie RSE&nbsp;:<\/strong><\/p>\n\n\n\n<ul class=\"wp-block-list\">\n<li>la gouvernance de l\u2019entreprise&nbsp;;<\/li>\n\n\n\n<li>les droits de l\u2019homme&nbsp;;<\/li>\n\n\n\n<li>les relations et conditions de travail&nbsp;;<\/li>\n\n\n\n<li>l\u2019environnement&nbsp;;<\/li>\n\n\n\n<li>la loyaut\u00e9 des pratiques&nbsp;;<\/li>\n\n\n\n<li>les questions relatives au consommateur&nbsp;;<\/li>\n\n\n\n<li>les communaut\u00e9s et le d\u00e9veloppement local.<\/li>\n<\/ul>\n\n\n\n<h2 class=\"wp-block-heading\">Une opportunit\u00e9 pour la grande distribution<\/h2>\n\n\n\n<p>Au fil des ans, le pouvoir d\u2019achat des sustainable natives s\u2019accroit. Et \u00e0 l&rsquo;heure o\u00f9 d\u00e9ployer une strat\u00e9gie RSE devient incontournable pour toutes les enseignes, il est fondamental d&rsquo;avoir en t\u00eate ces consommateurs en devenir. Sachant que la grande distribution repr\u00e9sente la majorit\u00e9 des achats alimentaires des Fran\u00e7ais, c\u2019est une opportunit\u00e9 \u00e0 saisir pour renforcer sa position sur le march\u00e9. Car, nous en sommes persuad\u00e9s, les attentes des <strong>sustainable natives et la RSE<\/strong> sont les deux faces d&rsquo;une m\u00eame pi\u00e8ce. <\/p>\n\n\n\n<figure class=\"wp-block-image size-large\"><img decoding=\"async\" width=\"1200\" height=\"800\" src=\"https:\/\/www.myrtilledesologne.fr\/actualites\/wp-content\/uploads\/2023\/01\/Myrtilles-rammassees-main-1200x800.jpeg\" alt=\"Producteur de myrtilles \u00e9coresponsable\" class=\"wp-image-990\" srcset=\"https:\/\/www.myrtilledesologne.fr\/actualites\/wp-content\/uploads\/2023\/01\/Myrtilles-rammassees-main.jpeg 1200w, https:\/\/www.myrtilledesologne.fr\/actualites\/wp-content\/uploads\/2023\/01\/Myrtilles-rammassees-main-600x400.jpeg 600w, https:\/\/www.myrtilledesologne.fr\/actualites\/wp-content\/uploads\/2023\/01\/Myrtilles-rammassees-main-150x100.jpeg 150w, https:\/\/www.myrtilledesologne.fr\/actualites\/wp-content\/uploads\/2023\/01\/Myrtilles-rammassees-main-768x512.jpeg 768w\" sizes=\"(max-width: 1200px) 100vw, 1200px\" \/><\/figure>\n\n\n\n<h2 class=\"wp-block-heading\">Myrtille de Sologne, un ADN \u00e9co-responsable<\/h2>\n\n\n\n<p>Chez Myrtille de Sologne, nous ne sommes peut-\u00eatre pas sustainable natives, mais notre entreprise l\u2019est\u00a0! Notre ADN est r\u00e9solument <strong>\u00e9coresponsable<\/strong>, et le <strong>respect de l\u2019environnement<\/strong> fait partie int\u00e9grante de notre <strong>\u00e9thique entrepreneuriale<\/strong>.<\/p>\n\n\n\n<p>Voici comment nous r\u00e9pondons aux attentes des sustainable natives !<\/p>\n\n\n\n<p><strong>Myrtille de Sologne, c\u2019est&nbsp;:<\/strong><\/p>\n\n\n\n<ul class=\"wp-block-list\">\n<li>Un mod\u00e8le d\u2019agriculture \u00e0 la fois <strong>productif et durable<\/strong>.<\/li>\n\n\n\n<li><strong>Des fruits 100&nbsp;% fran\u00e7ais<\/strong>, produits dans notre belle r\u00e9gion de Sologne.<\/li>\n\n\n\n<li>Des <strong>exploitations \u00e0 taille humaine<\/strong> et des vergers r\u00e9partis sur plusieurs sites de production int\u00e9gr\u00e9s \u00e0 leur environnement.<\/li>\n\n\n\n<li>Une grande attention port\u00e9e aux <strong>conditions de travail<\/strong> de nos collaborateurs.<\/li>\n\n\n\n<li><a href=\"https:\/\/www.myrtilledesologne.fr\/actualites\/myrtilles-zero-residu-de-pesticides-comment-produisons-nous-nos-fruits\/\">Des <strong>fruits z\u00e9ro r\u00e9sidus de pesticides<\/strong><\/a> car nous n\u2019utilisons aucun intrant phytosanitaires de synth\u00e8se sur nos cultures (fruits <strong>ZRP<\/strong>, analyses effectu\u00e9es sur pr\u00e8s de 700 mol\u00e9cules).<\/li>\n\n\n\n<li>L\u2019utilisation du <strong>biocontr\u00f4le<\/strong> pour r\u00e9guler les populations d\u2019insectes.<\/li>\n\n\n\n<li>Une <strong>pollinisation 100 % naturelle<\/strong> (abeilles, bourdons et autres insectes).<\/li>\n\n\n\n<li>Des syst\u00e8mes d\u2019irrigation en goutte-\u00e0-goutte pour r\u00e9duire au maximum la <strong><a href=\"https:\/\/www.myrtilledesologne.fr\/actualites\/comment-concilier-culture-de-myrtille-et-economies-deau\/\">consommation d\u2019eau<\/a><\/strong> et d&rsquo;\u00e9nergie.<\/li>\n\n\n\n<li>Un <strong><a href=\"https:\/\/www.myrtilledesologne.fr\/actualites\/myrtilles-en-circuit-court-des-tonnes-de-co2-economisees\/\">bilan carbone<\/a><\/strong> am\u00e9lior\u00e9 par une commercialisation en circuit courts.<\/li>\n\n\n\n<li>Des <strong>conditionnements \u00e9coresponsables<\/strong>, 100&nbsp;% recyclables et compostables.<\/li>\n<\/ul>\n\n\n\n<p>Et beaucoup d&rsquo;autres sujets en d\u00e9veloppement car nous cherchons \u00e0 nous am\u00e9liorer jour apr\u00e8s jour ! <\/p>\n","protected":false},"excerpt":{"rendered":"<p>Vous connaissiez les digital natives, qui ont grandi avec des outils num\u00e9riques entre les mains. Voici venus les sustainable natives\u00a0! Ces jeunes adultes ont compris que le d\u00e9veloppement de notre [&hellip;]<\/p>\n","protected":false},"author":1,"featured_media":1382,"comment_status":"open","ping_status":"open","sticky":false,"template":"","format":"standard","meta":{"footnotes":""},"categories":[11,12],"tags":[],"class_list":["post-1371","post","type-post","status-publish","format-standard","has-post-thumbnail","hentry","category-agriculture","category-notre-verger"],"yoast_head":"<!-- This site is optimized with the Yoast SEO plugin v27.5 - https:\/\/yoast.com\/product\/yoast-seo-wordpress\/ -->\n<title>Sustainable natives et RSE\u00a0: m\u00eame combat\u00a0!<\/title>\n<meta name=\"description\" content=\"Les attentes des sustainable natives et la RSE, deux mani\u00e8res de dire une m\u00eame r\u00e9alit\u00e9\u00a0et un enjeu fort pour la grande distribution.\" \/>\n<meta name=\"robots\" content=\"index, follow, max-snippet:-1, max-image-preview:large, max-video-preview:-1\" \/>\n<link rel=\"canonical\" href=\"https:\/\/www.myrtilledesologne.fr\/actualites\/sustainable-natives-et-rse\/\" \/>\n<meta property=\"og:locale\" content=\"fr_FR\" \/>\n<meta property=\"og:type\" content=\"article\" \/>\n<meta property=\"og:title\" content=\"Sustainable natives et RSE\u00a0: m\u00eame combat\u00a0!\" \/>\n<meta property=\"og:description\" content=\"Les attentes des sustainable natives et la RSE, deux mani\u00e8res de dire une m\u00eame r\u00e9alit\u00e9\u00a0et un enjeu fort pour la grande distribution.\" \/>\n<meta property=\"og:url\" content=\"https:\/\/www.myrtilledesologne.fr\/actualites\/sustainable-natives-et-rse\/\" \/>\n<meta property=\"og:site_name\" content=\"L&#039;actualit\u00e9 de la myrtille de Sologne - Myrtille de Sologne\" \/>\n<meta property=\"article:published_time\" content=\"2024-03-06T13:52:08+00:00\" \/>\n<meta property=\"article:modified_time\" content=\"2024-03-12T08:05:46+00:00\" \/>\n<meta property=\"og:image\" content=\"https:\/\/www.myrtilledesologne.fr\/actualites\/wp-content\/uploads\/2024\/03\/Sustainable-natives-fruits.jpg\" \/>\n\t<meta property=\"og:image:width\" content=\"1414\" \/>\n\t<meta property=\"og:image:height\" content=\"896\" \/>\n\t<meta property=\"og:image:type\" content=\"image\/jpeg\" \/>\n<meta name=\"author\" content=\"ActusMyrtilles\" \/>\n<meta name=\"twitter:card\" content=\"summary_large_image\" \/>\n<meta name=\"twitter:label1\" content=\"\u00c9crit par\" \/>\n\t<meta name=\"twitter:data1\" content=\"ActusMyrtilles\" \/>\n\t<meta name=\"twitter:label2\" content=\"Dur\u00e9e de lecture estim\u00e9e\" \/>\n\t<meta name=\"twitter:data2\" content=\"5 minutes\" \/>\n<script type=\"application\/ld+json\" class=\"yoast-schema-graph\">{\"@context\":\"https:\\\/\\\/schema.org\",\"@graph\":[{\"@type\":\"Article\",\"@id\":\"https:\\\/\\\/www.myrtilledesologne.fr\\\/actualites\\\/sustainable-natives-et-rse\\\/#article\",\"isPartOf\":{\"@id\":\"https:\\\/\\\/www.myrtilledesologne.fr\\\/actualites\\\/sustainable-natives-et-rse\\\/\"},\"author\":{\"name\":\"ActusMyrtilles\",\"@id\":\"https:\\\/\\\/www.myrtilledesologne.fr\\\/actualites\\\/#\\\/schema\\\/person\\\/13d86d7fbfab9739dca7dd8e40112587\"},\"headline\":\"Sustainable natives et RSE\u00a0: m\u00eame combat\u00a0!\",\"datePublished\":\"2024-03-06T13:52:08+00:00\",\"dateModified\":\"2024-03-12T08:05:46+00:00\",\"mainEntityOfPage\":{\"@id\":\"https:\\\/\\\/www.myrtilledesologne.fr\\\/actualites\\\/sustainable-natives-et-rse\\\/\"},\"wordCount\":802,\"commentCount\":0,\"image\":{\"@id\":\"https:\\\/\\\/www.myrtilledesologne.fr\\\/actualites\\\/sustainable-natives-et-rse\\\/#primaryimage\"},\"thumbnailUrl\":\"https:\\\/\\\/www.myrtilledesologne.fr\\\/actualites\\\/wp-content\\\/uploads\\\/2024\\\/03\\\/Sustainable-natives-fruits.jpg\",\"articleSection\":[\"(Agri)culture\",\"Notre verger\"],\"inLanguage\":\"fr-FR\",\"potentialAction\":[{\"@type\":\"CommentAction\",\"name\":\"Comment\",\"target\":[\"https:\\\/\\\/www.myrtilledesologne.fr\\\/actualites\\\/sustainable-natives-et-rse\\\/#respond\"]}]},{\"@type\":\"WebPage\",\"@id\":\"https:\\\/\\\/www.myrtilledesologne.fr\\\/actualites\\\/sustainable-natives-et-rse\\\/\",\"url\":\"https:\\\/\\\/www.myrtilledesologne.fr\\\/actualites\\\/sustainable-natives-et-rse\\\/\",\"name\":\"Sustainable natives et RSE\u00a0: m\u00eame combat\u00a0!\",\"isPartOf\":{\"@id\":\"https:\\\/\\\/www.myrtilledesologne.fr\\\/actualites\\\/#website\"},\"primaryImageOfPage\":{\"@id\":\"https:\\\/\\\/www.myrtilledesologne.fr\\\/actualites\\\/sustainable-natives-et-rse\\\/#primaryimage\"},\"image\":{\"@id\":\"https:\\\/\\\/www.myrtilledesologne.fr\\\/actualites\\\/sustainable-natives-et-rse\\\/#primaryimage\"},\"thumbnailUrl\":\"https:\\\/\\\/www.myrtilledesologne.fr\\\/actualites\\\/wp-content\\\/uploads\\\/2024\\\/03\\\/Sustainable-natives-fruits.jpg\",\"datePublished\":\"2024-03-06T13:52:08+00:00\",\"dateModified\":\"2024-03-12T08:05:46+00:00\",\"author\":{\"@id\":\"https:\\\/\\\/www.myrtilledesologne.fr\\\/actualites\\\/#\\\/schema\\\/person\\\/13d86d7fbfab9739dca7dd8e40112587\"},\"description\":\"Les attentes des sustainable natives et la RSE, deux mani\u00e8res de dire une m\u00eame r\u00e9alit\u00e9\u00a0et un enjeu fort pour la grande distribution.\",\"breadcrumb\":{\"@id\":\"https:\\\/\\\/www.myrtilledesologne.fr\\\/actualites\\\/sustainable-natives-et-rse\\\/#breadcrumb\"},\"inLanguage\":\"fr-FR\",\"potentialAction\":[{\"@type\":\"ReadAction\",\"target\":[\"https:\\\/\\\/www.myrtilledesologne.fr\\\/actualites\\\/sustainable-natives-et-rse\\\/\"]}]},{\"@type\":\"ImageObject\",\"inLanguage\":\"fr-FR\",\"@id\":\"https:\\\/\\\/www.myrtilledesologne.fr\\\/actualites\\\/sustainable-natives-et-rse\\\/#primaryimage\",\"url\":\"https:\\\/\\\/www.myrtilledesologne.fr\\\/actualites\\\/wp-content\\\/uploads\\\/2024\\\/03\\\/Sustainable-natives-fruits.jpg\",\"contentUrl\":\"https:\\\/\\\/www.myrtilledesologne.fr\\\/actualites\\\/wp-content\\\/uploads\\\/2024\\\/03\\\/Sustainable-natives-fruits.jpg\",\"width\":1414,\"height\":896,\"caption\":\"Sustainable natives et strat\u00e9gie RSE\"},{\"@type\":\"BreadcrumbList\",\"@id\":\"https:\\\/\\\/www.myrtilledesologne.fr\\\/actualites\\\/sustainable-natives-et-rse\\\/#breadcrumb\",\"itemListElement\":[{\"@type\":\"ListItem\",\"position\":1,\"name\":\"Accueil\",\"item\":\"https:\\\/\\\/www.myrtilledesologne.fr\\\/actualites\\\/\"},{\"@type\":\"ListItem\",\"position\":2,\"name\":\"Sustainable natives et RSE\u00a0: m\u00eame combat\u00a0!\"}]},{\"@type\":\"WebSite\",\"@id\":\"https:\\\/\\\/www.myrtilledesologne.fr\\\/actualites\\\/#website\",\"url\":\"https:\\\/\\\/www.myrtilledesologne.fr\\\/actualites\\\/\",\"name\":\"L&#039;actualit\u00e9 de la myrtille de Sologne - Myrtille de Sologne\",\"description\":\"Retrouvez toute l&#039;actualit\u00e9 de Myrtille de Sologne, directement sur notre site internet. Vous pourrez y d\u00e9couvrir des informations sur les myrtilles et des id\u00e9es de recettes.\",\"potentialAction\":[{\"@type\":\"SearchAction\",\"target\":{\"@type\":\"EntryPoint\",\"urlTemplate\":\"https:\\\/\\\/www.myrtilledesologne.fr\\\/actualites\\\/?s={search_term_string}\"},\"query-input\":{\"@type\":\"PropertyValueSpecification\",\"valueRequired\":true,\"valueName\":\"search_term_string\"}}],\"inLanguage\":\"fr-FR\"},{\"@type\":\"Person\",\"@id\":\"https:\\\/\\\/www.myrtilledesologne.fr\\\/actualites\\\/#\\\/schema\\\/person\\\/13d86d7fbfab9739dca7dd8e40112587\",\"name\":\"ActusMyrtilles\",\"sameAs\":[\"https:\\\/\\\/myrtilledesologne.fr\\\/actualites\"]}]}<\/script>\n<!-- \/ Yoast SEO plugin. -->","yoast_head_json":{"title":"Sustainable natives et RSE\u00a0: m\u00eame combat\u00a0!","description":"Les attentes des sustainable natives et la RSE, deux mani\u00e8res de dire une m\u00eame r\u00e9alit\u00e9\u00a0et un enjeu fort pour la grande distribution.","robots":{"index":"index","follow":"follow","max-snippet":"max-snippet:-1","max-image-preview":"max-image-preview:large","max-video-preview":"max-video-preview:-1"},"canonical":"https:\/\/www.myrtilledesologne.fr\/actualites\/sustainable-natives-et-rse\/","og_locale":"fr_FR","og_type":"article","og_title":"Sustainable natives et RSE\u00a0: m\u00eame combat\u00a0!","og_description":"Les attentes des sustainable natives et la RSE, deux mani\u00e8res de dire une m\u00eame r\u00e9alit\u00e9\u00a0et un enjeu fort pour la grande distribution.","og_url":"https:\/\/www.myrtilledesologne.fr\/actualites\/sustainable-natives-et-rse\/","og_site_name":"L&#039;actualit\u00e9 de la myrtille de Sologne - Myrtille de Sologne","article_published_time":"2024-03-06T13:52:08+00:00","article_modified_time":"2024-03-12T08:05:46+00:00","og_image":[{"width":1414,"height":896,"url":"https:\/\/www.myrtilledesologne.fr\/actualites\/wp-content\/uploads\/2024\/03\/Sustainable-natives-fruits.jpg","type":"image\/jpeg"}],"author":"ActusMyrtilles","twitter_card":"summary_large_image","twitter_misc":{"\u00c9crit par":"ActusMyrtilles","Dur\u00e9e de lecture estim\u00e9e":"5 minutes"},"schema":{"@context":"https:\/\/schema.org","@graph":[{"@type":"Article","@id":"https:\/\/www.myrtilledesologne.fr\/actualites\/sustainable-natives-et-rse\/#article","isPartOf":{"@id":"https:\/\/www.myrtilledesologne.fr\/actualites\/sustainable-natives-et-rse\/"},"author":{"name":"ActusMyrtilles","@id":"https:\/\/www.myrtilledesologne.fr\/actualites\/#\/schema\/person\/13d86d7fbfab9739dca7dd8e40112587"},"headline":"Sustainable natives et RSE\u00a0: m\u00eame combat\u00a0!","datePublished":"2024-03-06T13:52:08+00:00","dateModified":"2024-03-12T08:05:46+00:00","mainEntityOfPage":{"@id":"https:\/\/www.myrtilledesologne.fr\/actualites\/sustainable-natives-et-rse\/"},"wordCount":802,"commentCount":0,"image":{"@id":"https:\/\/www.myrtilledesologne.fr\/actualites\/sustainable-natives-et-rse\/#primaryimage"},"thumbnailUrl":"https:\/\/www.myrtilledesologne.fr\/actualites\/wp-content\/uploads\/2024\/03\/Sustainable-natives-fruits.jpg","articleSection":["(Agri)culture","Notre verger"],"inLanguage":"fr-FR","potentialAction":[{"@type":"CommentAction","name":"Comment","target":["https:\/\/www.myrtilledesologne.fr\/actualites\/sustainable-natives-et-rse\/#respond"]}]},{"@type":"WebPage","@id":"https:\/\/www.myrtilledesologne.fr\/actualites\/sustainable-natives-et-rse\/","url":"https:\/\/www.myrtilledesologne.fr\/actualites\/sustainable-natives-et-rse\/","name":"Sustainable natives et RSE\u00a0: m\u00eame combat\u00a0!","isPartOf":{"@id":"https:\/\/www.myrtilledesologne.fr\/actualites\/#website"},"primaryImageOfPage":{"@id":"https:\/\/www.myrtilledesologne.fr\/actualites\/sustainable-natives-et-rse\/#primaryimage"},"image":{"@id":"https:\/\/www.myrtilledesologne.fr\/actualites\/sustainable-natives-et-rse\/#primaryimage"},"thumbnailUrl":"https:\/\/www.myrtilledesologne.fr\/actualites\/wp-content\/uploads\/2024\/03\/Sustainable-natives-fruits.jpg","datePublished":"2024-03-06T13:52:08+00:00","dateModified":"2024-03-12T08:05:46+00:00","author":{"@id":"https:\/\/www.myrtilledesologne.fr\/actualites\/#\/schema\/person\/13d86d7fbfab9739dca7dd8e40112587"},"description":"Les attentes des sustainable natives et la RSE, deux mani\u00e8res de dire une m\u00eame r\u00e9alit\u00e9\u00a0et un enjeu fort pour la grande distribution.","breadcrumb":{"@id":"https:\/\/www.myrtilledesologne.fr\/actualites\/sustainable-natives-et-rse\/#breadcrumb"},"inLanguage":"fr-FR","potentialAction":[{"@type":"ReadAction","target":["https:\/\/www.myrtilledesologne.fr\/actualites\/sustainable-natives-et-rse\/"]}]},{"@type":"ImageObject","inLanguage":"fr-FR","@id":"https:\/\/www.myrtilledesologne.fr\/actualites\/sustainable-natives-et-rse\/#primaryimage","url":"https:\/\/www.myrtilledesologne.fr\/actualites\/wp-content\/uploads\/2024\/03\/Sustainable-natives-fruits.jpg","contentUrl":"https:\/\/www.myrtilledesologne.fr\/actualites\/wp-content\/uploads\/2024\/03\/Sustainable-natives-fruits.jpg","width":1414,"height":896,"caption":"Sustainable natives et strat\u00e9gie RSE"},{"@type":"BreadcrumbList","@id":"https:\/\/www.myrtilledesologne.fr\/actualites\/sustainable-natives-et-rse\/#breadcrumb","itemListElement":[{"@type":"ListItem","position":1,"name":"Accueil","item":"https:\/\/www.myrtilledesologne.fr\/actualites\/"},{"@type":"ListItem","position":2,"name":"Sustainable natives et RSE\u00a0: m\u00eame combat\u00a0!"}]},{"@type":"WebSite","@id":"https:\/\/www.myrtilledesologne.fr\/actualites\/#website","url":"https:\/\/www.myrtilledesologne.fr\/actualites\/","name":"L&#039;actualit\u00e9 de la myrtille de Sologne - Myrtille de Sologne","description":"Retrouvez toute l&#039;actualit\u00e9 de Myrtille de Sologne, directement sur notre site internet. Vous pourrez y d\u00e9couvrir des informations sur les myrtilles et des id\u00e9es de recettes.","potentialAction":[{"@type":"SearchAction","target":{"@type":"EntryPoint","urlTemplate":"https:\/\/www.myrtilledesologne.fr\/actualites\/?s={search_term_string}"},"query-input":{"@type":"PropertyValueSpecification","valueRequired":true,"valueName":"search_term_string"}}],"inLanguage":"fr-FR"},{"@type":"Person","@id":"https:\/\/www.myrtilledesologne.fr\/actualites\/#\/schema\/person\/13d86d7fbfab9739dca7dd8e40112587","name":"ActusMyrtilles","sameAs":["https:\/\/myrtilledesologne.fr\/actualites"]}]}},"_links":{"self":[{"href":"https:\/\/www.myrtilledesologne.fr\/actualites\/wp-json\/wp\/v2\/posts\/1371","targetHints":{"allow":["GET"]}}],"collection":[{"href":"https:\/\/www.myrtilledesologne.fr\/actualites\/wp-json\/wp\/v2\/posts"}],"about":[{"href":"https:\/\/www.myrtilledesologne.fr\/actualites\/wp-json\/wp\/v2\/types\/post"}],"author":[{"embeddable":true,"href":"https:\/\/www.myrtilledesologne.fr\/actualites\/wp-json\/wp\/v2\/users\/1"}],"replies":[{"embeddable":true,"href":"https:\/\/www.myrtilledesologne.fr\/actualites\/wp-json\/wp\/v2\/comments?post=1371"}],"version-history":[{"count":0,"href":"https:\/\/www.myrtilledesologne.fr\/actualites\/wp-json\/wp\/v2\/posts\/1371\/revisions"}],"wp:featuredmedia":[{"embeddable":true,"href":"https:\/\/www.myrtilledesologne.fr\/actualites\/wp-json\/wp\/v2\/media\/1382"}],"wp:attachment":[{"href":"https:\/\/www.myrtilledesologne.fr\/actualites\/wp-json\/wp\/v2\/media?parent=1371"}],"wp:term":[{"taxonomy":"category","embeddable":true,"href":"https:\/\/www.myrtilledesologne.fr\/actualites\/wp-json\/wp\/v2\/categories?post=1371"},{"taxonomy":"post_tag","embeddable":true,"href":"https:\/\/www.myrtilledesologne.fr\/actualites\/wp-json\/wp\/v2\/tags?post=1371"}],"curies":[{"name":"wp","href":"https:\/\/api.w.org\/{rel}","templated":true}]}}