{"id":326,"date":"2022-09-02T09:00:00","date_gmt":"2022-09-02T09:00:00","guid":{"rendered":"https:\/\/myrtilledesologne.fr\/actualites\/?p=326"},"modified":"2023-07-07T09:14:10","modified_gmt":"2023-07-07T09:14:10","slug":"myrtilles-zero-residu-de-pesticides-comment-produisons-nous-nos-fruits","status":"publish","type":"post","link":"https:\/\/www.myrtilledesologne.fr\/actualites\/myrtilles-zero-residu-de-pesticides-comment-produisons-nous-nos-fruits\/","title":{"rendered":"Myrtilles z\u00e9ro r\u00e9sidu de pesticides : comment produisons-nous nos fruits\u00a0?"},"content":{"rendered":"\n<figure class=\"wp-block-image size-large\"><img decoding=\"async\" width=\"1200\" height=\"800\" src=\"https:\/\/myrtilledesologne.fr\/actualites\/wp-content\/uploads\/2022\/08\/Grappe-de-myrtilles-1200x800.jpeg\" alt=\"Grappe de myrtilles sans r\u00e9sidu de pesticides de synth\u00e8se\" class=\"wp-image-330\" srcset=\"https:\/\/www.myrtilledesologne.fr\/actualites\/wp-content\/uploads\/2022\/08\/Grappe-de-myrtilles-1200x800.jpeg 1200w, https:\/\/www.myrtilledesologne.fr\/actualites\/wp-content\/uploads\/2022\/08\/Grappe-de-myrtilles-600x400.jpeg 600w, https:\/\/www.myrtilledesologne.fr\/actualites\/wp-content\/uploads\/2022\/08\/Grappe-de-myrtilles-150x100.jpeg 150w, https:\/\/www.myrtilledesologne.fr\/actualites\/wp-content\/uploads\/2022\/08\/Grappe-de-myrtilles-768x512.jpeg 768w, https:\/\/www.myrtilledesologne.fr\/actualites\/wp-content\/uploads\/2022\/08\/Grappe-de-myrtilles-1536x1024.jpeg 1536w, https:\/\/www.myrtilledesologne.fr\/actualites\/wp-content\/uploads\/2022\/08\/Grappe-de-myrtilles-2048x1365.jpeg 2048w\" sizes=\"(max-width: 1200px) 100vw, 1200px\" \/><\/figure>\n\n\n\n<p class=\"introduction\">Chez Myrtille de Sologne, nous cultivons nos fruits sans utiliser d\u2019intrants issus de la fili\u00e8re phytopharmaceutique. C\u2019est ce qui nous permet de produire des <strong>myrtilles z\u00e9ro r\u00e9sidu de pesticides<\/strong>. On vous explique pourquoi et comment\u00a0!<\/p>\n\n\n\n<p>Nous estimons que le travail d\u2019agriculteur est d\u2019<strong>aider la nature \u00e0 faire son travail<\/strong> pour produire de beaux fruits, et non de l\u2019y contraindre par la chimie. C&rsquo;est pourquoi notre approche agronomique consiste \u00e0 <strong><a href=\"https:\/\/www.myrtilledesologne.fr\/vergers.html\" target=\"_blank\" rel=\"noreferrer noopener\">maintenir la dynamique des \u00e9quilibres naturels<\/a><\/strong>, afin de proposer des <strong>myrtilles z\u00e9ro r\u00e9sidu de pesticides<\/strong>. Avant de vous raconter comment nous proc\u00e9dons, rentrons un peu dans le d\u00e9tail du <strong>r\u00f4le des pesticides<\/strong> et des questions qu\u2019ils soul\u00e8vent.<\/p>\n\n\n\n<h2 class=\"wp-block-heading\"><strong>A quoi servent les pesticides&nbsp;?<\/strong><\/h2>\n\n\n\n<p>Il existe trois grandes cat\u00e9gories de pesticides&nbsp;:<\/p>\n\n\n\n<p>&#8211; Les <strong>herbicides<\/strong>, \u00e9galement appel\u00e9s d\u00e9sherbants, qui ont la propri\u00e9t\u00e9 de tuer les v\u00e9g\u00e9taux. Ils servent \u00e0 lutter contre les \u00ab&nbsp;mauvaises&nbsp;\u00bb herbes (advendices).<\/p>\n\n\n\n<p>&#8211; Les <strong>fongicides<\/strong> qui sont con\u00e7us pour \u00e9liminer ou limiter les champignons parasites ou pour limiter leur propagation.<\/p>\n\n\n\n<p>&#8211; Les <strong>insecticides<\/strong> qui \u00e9liminent les insectes, qu\u2019ils soient volants ou rampants.<\/p>\n\n\n\n<h2 class=\"wp-block-heading\"><strong>Pesticides et biodiversit\u00e9<\/strong><\/h2>\n\n\n\n<p>Leur action de <strong>destruction de la biodiversit\u00e9<\/strong> est selon nous un vecteur de d\u00e9s\u00e9quilibre des \u00e9cosyst\u00e8mes qui nuit \u00e0 la bonne <strong>sant\u00e9 des sols<\/strong> et des plantes, et sans aucun doute \u00e0 celle des hommes. C\u2019est pourquoi nous cherchons \u00e0 <strong>pr\u00e9server la biodiversit\u00e9<\/strong>, de m\u00eame que notre sant\u00e9 et celle des consommateurs. D\u2019autant que cette biodiversit\u00e9 nous rend aussi de nombreux services.<\/p>\n\n\n\n<p>Pour vous donner une id\u00e9e du paradoxe de l\u2019utilisation \u00e0 outrance de pesticides en agriculture, prenons l\u2019exemple des <strong>champignons<\/strong>. Moins visibles que les mauvaises herbes, moins m\u00e9diatis\u00e9s que les <strong>abeilles<\/strong> et autres <strong>pollinisateurs<\/strong> dont les populations chutent de fa\u00e7on alarmante, les champignons ont pourtant <strong>un r\u00f4le essentiel \u00e0 la bonne sant\u00e9 des cultures<\/strong>. Nous ne parlons pas l\u00e0 du type de champignons que vous allez cueillir en for\u00eat mais de champignons microscopiques qui vivent \u00e0 l\u2019int\u00e9rieur du sol et contribuent \u00e0 sa richesse.<\/p>\n\n\n\n<figure class=\"wp-block-image size-large\"><img decoding=\"async\" width=\"1067\" height=\"800\" src=\"https:\/\/myrtilledesologne.fr\/actualites\/wp-content\/uploads\/2022\/08\/bourdon-et-fleur-de-myrtille-1-1067x800.jpeg\" alt=\"Pollinisation des fleurs de myrtilliers par un bourdon\" class=\"wp-image-331\" srcset=\"https:\/\/www.myrtilledesologne.fr\/actualites\/wp-content\/uploads\/2022\/08\/bourdon-et-fleur-de-myrtille-1-1067x800.jpeg 1067w, https:\/\/www.myrtilledesologne.fr\/actualites\/wp-content\/uploads\/2022\/08\/bourdon-et-fleur-de-myrtille-1-533x400.jpeg 533w, https:\/\/www.myrtilledesologne.fr\/actualites\/wp-content\/uploads\/2022\/08\/bourdon-et-fleur-de-myrtille-1-768x576.jpeg 768w, https:\/\/www.myrtilledesologne.fr\/actualites\/wp-content\/uploads\/2022\/08\/bourdon-et-fleur-de-myrtille-1-1536x1152.jpeg 1536w, https:\/\/www.myrtilledesologne.fr\/actualites\/wp-content\/uploads\/2022\/08\/bourdon-et-fleur-de-myrtille-1.jpeg 1920w\" sizes=\"(max-width: 1067px) 100vw, 1067px\" \/><\/figure>\n\n\n\n<h2 class=\"wp-block-heading\"><strong>La biodiversit\u00e9 au service de l\u2019agriculture<\/strong><\/h2>\n\n\n\n<p>Vous n\u2019ignorez pas qu\u2019il ne faut pas mettre tous ses \u0153ufs dans le m\u00eame panier. Pour les champignons, c\u2019est un peu la m\u00eame chose. Certains champignons sont extr\u00eamement nocifs pour les cultures et peuvent provoquer d\u2019\u00e9normes d\u00e9g\u00e2ts. Mais nombre d\u2019entre eux jouent un r\u00f4le tr\u00e8s important dans la croissance des plantes.<\/p>\n\n\n\n<p><strong>Plantes et champignons<\/strong> s\u2019associent en effet pour se rendre des <strong>services mutuels<\/strong>, en formant ce que l\u2019on appelle des <strong>mycorhizes<\/strong>. Dit plus simplement, les champignons colonisent les racines de la plante par de fins filaments qui prolongent ses racines.<\/p>\n\n\n\n<h2 class=\"wp-block-heading\"><strong>A quoi servent les mycorhizes&nbsp;?<\/strong><\/h2>\n\n\n\n<p>Pour la plante, cette forme de relais permet d\u2019explorer un plus grand volume de sol et d\u2019y puiser davantage d&rsquo;<strong>\u00e9l\u00e9ments nutritifs<\/strong> qu\u2019avec ses seules racines. Pour les champignons, c\u2019est un moyen de recevoir, par la racine de la plante h\u00f4te, des sucres issus de la photosynth\u00e8se. Des sucres qui permettent leur survie, rien de moins.<\/p>\n\n\n\n<p>Dans cette relation gagnant-gagnant, chacun sort renforc\u00e9. Mais cette association naturelle se voit <strong>fragilis\u00e9e par l\u2019utilisation de fongicides<\/strong>. La seule \u00e9tymologie du terme \u00f4te toute forme de doute sur le r\u00f4le de ces substances&nbsp;: fongicide vient du latin <em>fungus<\/em>, \u00ab champignon \u00bb et de <em>caedere<\/em>, \u00ab tuer&nbsp;\u00bb. Point.<\/p>\n\n\n\n<figure class=\"wp-block-image size-large\"><img decoding=\"async\" width=\"1200\" height=\"800\" src=\"https:\/\/myrtilledesologne.fr\/actualites\/wp-content\/uploads\/2022\/08\/Rang-de-myrtillier-1200x800.jpeg\" alt=\"Enherbement entre les rangs de myrtilliers\" class=\"wp-image-327\" srcset=\"https:\/\/www.myrtilledesologne.fr\/actualites\/wp-content\/uploads\/2022\/08\/Rang-de-myrtillier-1200x800.jpeg 1200w, https:\/\/www.myrtilledesologne.fr\/actualites\/wp-content\/uploads\/2022\/08\/Rang-de-myrtillier-600x400.jpeg 600w, https:\/\/www.myrtilledesologne.fr\/actualites\/wp-content\/uploads\/2022\/08\/Rang-de-myrtillier-150x100.jpeg 150w, https:\/\/www.myrtilledesologne.fr\/actualites\/wp-content\/uploads\/2022\/08\/Rang-de-myrtillier-768x512.jpeg 768w, https:\/\/www.myrtilledesologne.fr\/actualites\/wp-content\/uploads\/2022\/08\/Rang-de-myrtillier-1536x1024.jpeg 1536w, https:\/\/www.myrtilledesologne.fr\/actualites\/wp-content\/uploads\/2022\/08\/Rang-de-myrtillier-2048x1365.jpeg 2048w\" sizes=\"(max-width: 1200px) 100vw, 1200px\" \/><\/figure>\n\n\n\n<h2 class=\"wp-block-heading\"><strong>Comment produisons-nous des myrtilles z\u00e9ro r\u00e9sidu de pesticides&nbsp;?<\/strong><\/h2>\n\n\n\n<p>Notre approche pragmatique de l\u2019<strong>agro\u00e9cologie<\/strong> <strong>exclue tous les intrants phytosanitaires de synth\u00e8se<\/strong> sur nos cultures.<\/p>\n\n\n\n<p>Nous g\u00e9rons les <strong>mauvaises herbes<\/strong> par l\u2019utilisation d\u2019une toile de paillage. Une technique rudimentaire et efficace \u00e0 double titre puisqu\u2019elle bloque la lumi\u00e8re &#8211; les mauvaises herbes ne peuvent donc pas se d\u00e9velopper &#8211; et limite l\u2019<strong>\u00e9vaporation de l\u2019eau<\/strong> du sol &#8211; ce qui nous permet de pr\u00e9server cette pr\u00e9cieuse ressource.<\/p>\n\n\n\n<p>Nous n\u2019utilisons pas non plus d\u2019<strong>insecticides<\/strong> puisqu\u2019en prot\u00e9geant notre <strong>environnement<\/strong> et la <strong>biodiversit\u00e9<\/strong>, nous r\u00e9gulons les parasites \u00e0 l\u2019aide du <strong>biocontr\u00f4le<\/strong>. Une m\u00e9thode qui revient \u00e0 g\u00e9rer les \u00e9quilibres des populations d\u2019agresseurs plut\u00f4t que de tenter de les \u00e9radiquer.<\/p>\n\n\n\n<figure class=\"wp-block-image size-large\"><img decoding=\"async\" width=\"1200\" height=\"800\" src=\"https:\/\/myrtilledesologne.fr\/actualites\/wp-content\/uploads\/2022\/08\/toile-de-paillage-1200x800.jpeg\" alt=\"Toile de paillage dans un verger de myrtilles z\u00e9ro r\u00e9sidu de pesticides\" class=\"wp-image-329\" srcset=\"https:\/\/www.myrtilledesologne.fr\/actualites\/wp-content\/uploads\/2022\/08\/toile-de-paillage-1200x800.jpeg 1200w, https:\/\/www.myrtilledesologne.fr\/actualites\/wp-content\/uploads\/2022\/08\/toile-de-paillage-600x400.jpeg 600w, https:\/\/www.myrtilledesologne.fr\/actualites\/wp-content\/uploads\/2022\/08\/toile-de-paillage-150x100.jpeg 150w, https:\/\/www.myrtilledesologne.fr\/actualites\/wp-content\/uploads\/2022\/08\/toile-de-paillage-768x512.jpeg 768w, https:\/\/www.myrtilledesologne.fr\/actualites\/wp-content\/uploads\/2022\/08\/toile-de-paillage-1536x1024.jpeg 1536w, https:\/\/www.myrtilledesologne.fr\/actualites\/wp-content\/uploads\/2022\/08\/toile-de-paillage-2048x1365.jpeg 2048w\" sizes=\"(max-width: 1200px) 100vw, 1200px\" \/><\/figure>\n\n\n\n<h2 class=\"wp-block-heading\">Pr\u00e9server la vie du sol pour produire des myrtilles z\u00e9ro r\u00e9sidu de pesticides<\/h2>\n\n\n\n<p>Pour ce qui est des champignons, non seulement nous ne luttons pas contre eux mais nous cherchons au contraire \u00e0 accroitre leur d\u00e9veloppement par la <strong>fertilisation organique<\/strong> de notre verger.<\/p>\n\n\n\n<p>Les <strong>fertilisants<\/strong> (certifi\u00e9s en <strong>agriculture biologique<\/strong>) que nous utilisons sont en effet des nutriments pour les <strong>micro-organismes du sol <\/strong>(champignons et bact\u00e9ries). Ils nous permettent de <strong>r\u00e9g\u00e9n\u00e9rer et optimiser la vie du sol<\/strong> pour faire b\u00e9n\u00e9ficier \u00e0 la plante des services rendus par la biodiversit\u00e9.<\/p>\n\n\n\n<p>L\u2019\u00e9quilibre global de nos arbustes s\u2019en trouve renforc\u00e9, ce qui leur permet de surmonter des situations stressantes &#8211; une attaque de champignons malveillants par exemple&nbsp;! &#8211; sans avoir recours \u00e0 des pesticides de synth\u00e8se. La nature sait tr\u00e8s bien faire son travail, le n\u00f4tre est simplement de l\u2019y encourager. Et de vous garantir des <strong>myrtilles z\u00e9ro r\u00e9sidu de pesticides<\/strong>.<\/p>\n\n\n\n<div class=\"wp-block-buttons is-layout-flex wp-block-buttons-is-layout-flex\">\n<div class=\"wp-block-button\"><a class=\"wp-block-button__link wp-element-button\" href=\"https:\/\/www.myrtilledesologne.fr\/philosophie.html\" target=\"_blank\" rel=\"noreferrer noopener\">En savoir plus<\/a><\/div>\n<\/div>\n","protected":false},"excerpt":{"rendered":"<p>Chez Myrtille de Sologne, nous cultivons nos fruits sans utiliser d\u2019intrants issus de la fili\u00e8re phytopharmaceutique. C\u2019est ce qui nous permet de produire des myrtilles z\u00e9ro r\u00e9sidu de pesticides. On [&hellip;]<\/p>\n","protected":false},"author":1,"featured_media":330,"comment_status":"open","ping_status":"open","sticky":false,"template":"","format":"standard","meta":{"footnotes":""},"categories":[11,12],"tags":[],"class_list":["post-326","post","type-post","status-publish","format-standard","has-post-thumbnail","hentry","category-agriculture","category-notre-verger"],"yoast_head":"<!-- This site is optimized with the Yoast SEO plugin v27.5 - https:\/\/yoast.com\/product\/yoast-seo-wordpress\/ -->\n<title>Myrtilles z\u00e9ro r\u00e9sidu de pesticides : comment produisons-nous ?<\/title>\n<meta name=\"description\" content=\"Nos fruits sont cultiv\u00e9s selon des m\u00e9thodes naturelles. Objectif : produire des myrtilles z\u00e9ro r\u00e9sidu de pesticides.\" \/>\n<meta name=\"robots\" content=\"index, follow, max-snippet:-1, max-image-preview:large, max-video-preview:-1\" \/>\n<link rel=\"canonical\" href=\"https:\/\/www.myrtilledesologne.fr\/actualites\/myrtilles-zero-residu-de-pesticides-comment-produisons-nous-nos-fruits\/\" \/>\n<meta property=\"og:locale\" content=\"fr_FR\" \/>\n<meta property=\"og:type\" content=\"article\" \/>\n<meta property=\"og:title\" content=\"Myrtilles z\u00e9ro r\u00e9sidu de pesticides : comment produisons-nous ?\" \/>\n<meta property=\"og:description\" content=\"Nos fruits sont cultiv\u00e9s selon des m\u00e9thodes naturelles. Objectif : produire des myrtilles z\u00e9ro r\u00e9sidu de pesticides.\" \/>\n<meta property=\"og:url\" content=\"https:\/\/www.myrtilledesologne.fr\/actualites\/myrtilles-zero-residu-de-pesticides-comment-produisons-nous-nos-fruits\/\" \/>\n<meta property=\"og:site_name\" content=\"L&#039;actualit\u00e9 de la myrtille de Sologne - Myrtille de Sologne\" \/>\n<meta property=\"article:published_time\" content=\"2022-09-02T09:00:00+00:00\" \/>\n<meta property=\"article:modified_time\" content=\"2023-07-07T09:14:10+00:00\" \/>\n<meta property=\"og:image\" content=\"https:\/\/www.myrtilledesologne.fr\/actualites\/wp-content\/uploads\/2022\/08\/Grappe-de-myrtilles-scaled.jpeg\" \/>\n\t<meta property=\"og:image:width\" content=\"2560\" \/>\n\t<meta property=\"og:image:height\" content=\"1707\" \/>\n\t<meta property=\"og:image:type\" content=\"image\/jpeg\" \/>\n<meta name=\"author\" content=\"ActusMyrtilles\" \/>\n<meta name=\"twitter:card\" content=\"summary_large_image\" \/>\n<meta name=\"twitter:label1\" content=\"\u00c9crit par\" \/>\n\t<meta name=\"twitter:data1\" content=\"ActusMyrtilles\" \/>\n\t<meta name=\"twitter:label2\" content=\"Dur\u00e9e de lecture estim\u00e9e\" \/>\n\t<meta name=\"twitter:data2\" content=\"5 minutes\" \/>\n<script type=\"application\/ld+json\" class=\"yoast-schema-graph\">{\"@context\":\"https:\\\/\\\/schema.org\",\"@graph\":[{\"@type\":\"Article\",\"@id\":\"https:\\\/\\\/www.myrtilledesologne.fr\\\/actualites\\\/myrtilles-zero-residu-de-pesticides-comment-produisons-nous-nos-fruits\\\/#article\",\"isPartOf\":{\"@id\":\"https:\\\/\\\/www.myrtilledesologne.fr\\\/actualites\\\/myrtilles-zero-residu-de-pesticides-comment-produisons-nous-nos-fruits\\\/\"},\"author\":{\"name\":\"ActusMyrtilles\",\"@id\":\"https:\\\/\\\/www.myrtilledesologne.fr\\\/actualites\\\/#\\\/schema\\\/person\\\/13d86d7fbfab9739dca7dd8e40112587\"},\"headline\":\"Myrtilles z\u00e9ro r\u00e9sidu de pesticides : comment produisons-nous nos fruits\u00a0?\",\"datePublished\":\"2022-09-02T09:00:00+00:00\",\"dateModified\":\"2023-07-07T09:14:10+00:00\",\"mainEntityOfPage\":{\"@id\":\"https:\\\/\\\/www.myrtilledesologne.fr\\\/actualites\\\/myrtilles-zero-residu-de-pesticides-comment-produisons-nous-nos-fruits\\\/\"},\"wordCount\":899,\"commentCount\":0,\"image\":{\"@id\":\"https:\\\/\\\/www.myrtilledesologne.fr\\\/actualites\\\/myrtilles-zero-residu-de-pesticides-comment-produisons-nous-nos-fruits\\\/#primaryimage\"},\"thumbnailUrl\":\"https:\\\/\\\/www.myrtilledesologne.fr\\\/actualites\\\/wp-content\\\/uploads\\\/2022\\\/08\\\/Grappe-de-myrtilles-scaled.jpeg\",\"articleSection\":[\"(Agri)culture\",\"Notre verger\"],\"inLanguage\":\"fr-FR\",\"potentialAction\":[{\"@type\":\"CommentAction\",\"name\":\"Comment\",\"target\":[\"https:\\\/\\\/www.myrtilledesologne.fr\\\/actualites\\\/myrtilles-zero-residu-de-pesticides-comment-produisons-nous-nos-fruits\\\/#respond\"]}]},{\"@type\":\"WebPage\",\"@id\":\"https:\\\/\\\/www.myrtilledesologne.fr\\\/actualites\\\/myrtilles-zero-residu-de-pesticides-comment-produisons-nous-nos-fruits\\\/\",\"url\":\"https:\\\/\\\/www.myrtilledesologne.fr\\\/actualites\\\/myrtilles-zero-residu-de-pesticides-comment-produisons-nous-nos-fruits\\\/\",\"name\":\"Myrtilles z\u00e9ro r\u00e9sidu de pesticides : comment produisons-nous ?\",\"isPartOf\":{\"@id\":\"https:\\\/\\\/www.myrtilledesologne.fr\\\/actualites\\\/#website\"},\"primaryImageOfPage\":{\"@id\":\"https:\\\/\\\/www.myrtilledesologne.fr\\\/actualites\\\/myrtilles-zero-residu-de-pesticides-comment-produisons-nous-nos-fruits\\\/#primaryimage\"},\"image\":{\"@id\":\"https:\\\/\\\/www.myrtilledesologne.fr\\\/actualites\\\/myrtilles-zero-residu-de-pesticides-comment-produisons-nous-nos-fruits\\\/#primaryimage\"},\"thumbnailUrl\":\"https:\\\/\\\/www.myrtilledesologne.fr\\\/actualites\\\/wp-content\\\/uploads\\\/2022\\\/08\\\/Grappe-de-myrtilles-scaled.jpeg\",\"datePublished\":\"2022-09-02T09:00:00+00:00\",\"dateModified\":\"2023-07-07T09:14:10+00:00\",\"author\":{\"@id\":\"https:\\\/\\\/www.myrtilledesologne.fr\\\/actualites\\\/#\\\/schema\\\/person\\\/13d86d7fbfab9739dca7dd8e40112587\"},\"description\":\"Nos fruits sont cultiv\u00e9s selon des m\u00e9thodes naturelles. Objectif : produire des myrtilles z\u00e9ro r\u00e9sidu de pesticides.\",\"breadcrumb\":{\"@id\":\"https:\\\/\\\/www.myrtilledesologne.fr\\\/actualites\\\/myrtilles-zero-residu-de-pesticides-comment-produisons-nous-nos-fruits\\\/#breadcrumb\"},\"inLanguage\":\"fr-FR\",\"potentialAction\":[{\"@type\":\"ReadAction\",\"target\":[\"https:\\\/\\\/www.myrtilledesologne.fr\\\/actualites\\\/myrtilles-zero-residu-de-pesticides-comment-produisons-nous-nos-fruits\\\/\"]}]},{\"@type\":\"ImageObject\",\"inLanguage\":\"fr-FR\",\"@id\":\"https:\\\/\\\/www.myrtilledesologne.fr\\\/actualites\\\/myrtilles-zero-residu-de-pesticides-comment-produisons-nous-nos-fruits\\\/#primaryimage\",\"url\":\"https:\\\/\\\/www.myrtilledesologne.fr\\\/actualites\\\/wp-content\\\/uploads\\\/2022\\\/08\\\/Grappe-de-myrtilles-scaled.jpeg\",\"contentUrl\":\"https:\\\/\\\/www.myrtilledesologne.fr\\\/actualites\\\/wp-content\\\/uploads\\\/2022\\\/08\\\/Grappe-de-myrtilles-scaled.jpeg\",\"width\":2560,\"height\":1707},{\"@type\":\"BreadcrumbList\",\"@id\":\"https:\\\/\\\/www.myrtilledesologne.fr\\\/actualites\\\/myrtilles-zero-residu-de-pesticides-comment-produisons-nous-nos-fruits\\\/#breadcrumb\",\"itemListElement\":[{\"@type\":\"ListItem\",\"position\":1,\"name\":\"Accueil\",\"item\":\"https:\\\/\\\/www.myrtilledesologne.fr\\\/actualites\\\/\"},{\"@type\":\"ListItem\",\"position\":2,\"name\":\"Myrtilles z\u00e9ro r\u00e9sidu de pesticides : comment produisons-nous nos fruits\u00a0?\"}]},{\"@type\":\"WebSite\",\"@id\":\"https:\\\/\\\/www.myrtilledesologne.fr\\\/actualites\\\/#website\",\"url\":\"https:\\\/\\\/www.myrtilledesologne.fr\\\/actualites\\\/\",\"name\":\"L&#039;actualit\u00e9 de la myrtille de Sologne - Myrtille de Sologne\",\"description\":\"Retrouvez toute l&#039;actualit\u00e9 de Myrtille de Sologne, directement sur notre site internet. Vous pourrez y d\u00e9couvrir des informations sur les myrtilles et des id\u00e9es de recettes.\",\"potentialAction\":[{\"@type\":\"SearchAction\",\"target\":{\"@type\":\"EntryPoint\",\"urlTemplate\":\"https:\\\/\\\/www.myrtilledesologne.fr\\\/actualites\\\/?s={search_term_string}\"},\"query-input\":{\"@type\":\"PropertyValueSpecification\",\"valueRequired\":true,\"valueName\":\"search_term_string\"}}],\"inLanguage\":\"fr-FR\"},{\"@type\":\"Person\",\"@id\":\"https:\\\/\\\/www.myrtilledesologne.fr\\\/actualites\\\/#\\\/schema\\\/person\\\/13d86d7fbfab9739dca7dd8e40112587\",\"name\":\"ActusMyrtilles\",\"sameAs\":[\"https:\\\/\\\/myrtilledesologne.fr\\\/actualites\"]}]}<\/script>\n<!-- \/ Yoast SEO plugin. -->","yoast_head_json":{"title":"Myrtilles z\u00e9ro r\u00e9sidu de pesticides : comment produisons-nous ?","description":"Nos fruits sont cultiv\u00e9s selon des m\u00e9thodes naturelles. Objectif : produire des myrtilles z\u00e9ro r\u00e9sidu de pesticides.","robots":{"index":"index","follow":"follow","max-snippet":"max-snippet:-1","max-image-preview":"max-image-preview:large","max-video-preview":"max-video-preview:-1"},"canonical":"https:\/\/www.myrtilledesologne.fr\/actualites\/myrtilles-zero-residu-de-pesticides-comment-produisons-nous-nos-fruits\/","og_locale":"fr_FR","og_type":"article","og_title":"Myrtilles z\u00e9ro r\u00e9sidu de pesticides : comment produisons-nous ?","og_description":"Nos fruits sont cultiv\u00e9s selon des m\u00e9thodes naturelles. Objectif : produire des myrtilles z\u00e9ro r\u00e9sidu de pesticides.","og_url":"https:\/\/www.myrtilledesologne.fr\/actualites\/myrtilles-zero-residu-de-pesticides-comment-produisons-nous-nos-fruits\/","og_site_name":"L&#039;actualit\u00e9 de la myrtille de Sologne - Myrtille de Sologne","article_published_time":"2022-09-02T09:00:00+00:00","article_modified_time":"2023-07-07T09:14:10+00:00","og_image":[{"width":2560,"height":1707,"url":"https:\/\/www.myrtilledesologne.fr\/actualites\/wp-content\/uploads\/2022\/08\/Grappe-de-myrtilles-scaled.jpeg","type":"image\/jpeg"}],"author":"ActusMyrtilles","twitter_card":"summary_large_image","twitter_misc":{"\u00c9crit par":"ActusMyrtilles","Dur\u00e9e de lecture estim\u00e9e":"5 minutes"},"schema":{"@context":"https:\/\/schema.org","@graph":[{"@type":"Article","@id":"https:\/\/www.myrtilledesologne.fr\/actualites\/myrtilles-zero-residu-de-pesticides-comment-produisons-nous-nos-fruits\/#article","isPartOf":{"@id":"https:\/\/www.myrtilledesologne.fr\/actualites\/myrtilles-zero-residu-de-pesticides-comment-produisons-nous-nos-fruits\/"},"author":{"name":"ActusMyrtilles","@id":"https:\/\/www.myrtilledesologne.fr\/actualites\/#\/schema\/person\/13d86d7fbfab9739dca7dd8e40112587"},"headline":"Myrtilles z\u00e9ro r\u00e9sidu de pesticides : comment produisons-nous nos fruits\u00a0?","datePublished":"2022-09-02T09:00:00+00:00","dateModified":"2023-07-07T09:14:10+00:00","mainEntityOfPage":{"@id":"https:\/\/www.myrtilledesologne.fr\/actualites\/myrtilles-zero-residu-de-pesticides-comment-produisons-nous-nos-fruits\/"},"wordCount":899,"commentCount":0,"image":{"@id":"https:\/\/www.myrtilledesologne.fr\/actualites\/myrtilles-zero-residu-de-pesticides-comment-produisons-nous-nos-fruits\/#primaryimage"},"thumbnailUrl":"https:\/\/www.myrtilledesologne.fr\/actualites\/wp-content\/uploads\/2022\/08\/Grappe-de-myrtilles-scaled.jpeg","articleSection":["(Agri)culture","Notre verger"],"inLanguage":"fr-FR","potentialAction":[{"@type":"CommentAction","name":"Comment","target":["https:\/\/www.myrtilledesologne.fr\/actualites\/myrtilles-zero-residu-de-pesticides-comment-produisons-nous-nos-fruits\/#respond"]}]},{"@type":"WebPage","@id":"https:\/\/www.myrtilledesologne.fr\/actualites\/myrtilles-zero-residu-de-pesticides-comment-produisons-nous-nos-fruits\/","url":"https:\/\/www.myrtilledesologne.fr\/actualites\/myrtilles-zero-residu-de-pesticides-comment-produisons-nous-nos-fruits\/","name":"Myrtilles z\u00e9ro r\u00e9sidu de pesticides : comment produisons-nous ?","isPartOf":{"@id":"https:\/\/www.myrtilledesologne.fr\/actualites\/#website"},"primaryImageOfPage":{"@id":"https:\/\/www.myrtilledesologne.fr\/actualites\/myrtilles-zero-residu-de-pesticides-comment-produisons-nous-nos-fruits\/#primaryimage"},"image":{"@id":"https:\/\/www.myrtilledesologne.fr\/actualites\/myrtilles-zero-residu-de-pesticides-comment-produisons-nous-nos-fruits\/#primaryimage"},"thumbnailUrl":"https:\/\/www.myrtilledesologne.fr\/actualites\/wp-content\/uploads\/2022\/08\/Grappe-de-myrtilles-scaled.jpeg","datePublished":"2022-09-02T09:00:00+00:00","dateModified":"2023-07-07T09:14:10+00:00","author":{"@id":"https:\/\/www.myrtilledesologne.fr\/actualites\/#\/schema\/person\/13d86d7fbfab9739dca7dd8e40112587"},"description":"Nos fruits sont cultiv\u00e9s selon des m\u00e9thodes naturelles. Objectif : produire des myrtilles z\u00e9ro r\u00e9sidu de pesticides.","breadcrumb":{"@id":"https:\/\/www.myrtilledesologne.fr\/actualites\/myrtilles-zero-residu-de-pesticides-comment-produisons-nous-nos-fruits\/#breadcrumb"},"inLanguage":"fr-FR","potentialAction":[{"@type":"ReadAction","target":["https:\/\/www.myrtilledesologne.fr\/actualites\/myrtilles-zero-residu-de-pesticides-comment-produisons-nous-nos-fruits\/"]}]},{"@type":"ImageObject","inLanguage":"fr-FR","@id":"https:\/\/www.myrtilledesologne.fr\/actualites\/myrtilles-zero-residu-de-pesticides-comment-produisons-nous-nos-fruits\/#primaryimage","url":"https:\/\/www.myrtilledesologne.fr\/actualites\/wp-content\/uploads\/2022\/08\/Grappe-de-myrtilles-scaled.jpeg","contentUrl":"https:\/\/www.myrtilledesologne.fr\/actualites\/wp-content\/uploads\/2022\/08\/Grappe-de-myrtilles-scaled.jpeg","width":2560,"height":1707},{"@type":"BreadcrumbList","@id":"https:\/\/www.myrtilledesologne.fr\/actualites\/myrtilles-zero-residu-de-pesticides-comment-produisons-nous-nos-fruits\/#breadcrumb","itemListElement":[{"@type":"ListItem","position":1,"name":"Accueil","item":"https:\/\/www.myrtilledesologne.fr\/actualites\/"},{"@type":"ListItem","position":2,"name":"Myrtilles z\u00e9ro r\u00e9sidu de pesticides : comment produisons-nous nos fruits\u00a0?"}]},{"@type":"WebSite","@id":"https:\/\/www.myrtilledesologne.fr\/actualites\/#website","url":"https:\/\/www.myrtilledesologne.fr\/actualites\/","name":"L&#039;actualit\u00e9 de la myrtille de Sologne - Myrtille de Sologne","description":"Retrouvez toute l&#039;actualit\u00e9 de Myrtille de Sologne, directement sur notre site internet. Vous pourrez y d\u00e9couvrir des informations sur les myrtilles et des id\u00e9es de recettes.","potentialAction":[{"@type":"SearchAction","target":{"@type":"EntryPoint","urlTemplate":"https:\/\/www.myrtilledesologne.fr\/actualites\/?s={search_term_string}"},"query-input":{"@type":"PropertyValueSpecification","valueRequired":true,"valueName":"search_term_string"}}],"inLanguage":"fr-FR"},{"@type":"Person","@id":"https:\/\/www.myrtilledesologne.fr\/actualites\/#\/schema\/person\/13d86d7fbfab9739dca7dd8e40112587","name":"ActusMyrtilles","sameAs":["https:\/\/myrtilledesologne.fr\/actualites"]}]}},"_links":{"self":[{"href":"https:\/\/www.myrtilledesologne.fr\/actualites\/wp-json\/wp\/v2\/posts\/326","targetHints":{"allow":["GET"]}}],"collection":[{"href":"https:\/\/www.myrtilledesologne.fr\/actualites\/wp-json\/wp\/v2\/posts"}],"about":[{"href":"https:\/\/www.myrtilledesologne.fr\/actualites\/wp-json\/wp\/v2\/types\/post"}],"author":[{"embeddable":true,"href":"https:\/\/www.myrtilledesologne.fr\/actualites\/wp-json\/wp\/v2\/users\/1"}],"replies":[{"embeddable":true,"href":"https:\/\/www.myrtilledesologne.fr\/actualites\/wp-json\/wp\/v2\/comments?post=326"}],"version-history":[{"count":0,"href":"https:\/\/www.myrtilledesologne.fr\/actualites\/wp-json\/wp\/v2\/posts\/326\/revisions"}],"wp:featuredmedia":[{"embeddable":true,"href":"https:\/\/www.myrtilledesologne.fr\/actualites\/wp-json\/wp\/v2\/media\/330"}],"wp:attachment":[{"href":"https:\/\/www.myrtilledesologne.fr\/actualites\/wp-json\/wp\/v2\/media?parent=326"}],"wp:term":[{"taxonomy":"category","embeddable":true,"href":"https:\/\/www.myrtilledesologne.fr\/actualites\/wp-json\/wp\/v2\/categories?post=326"},{"taxonomy":"post_tag","embeddable":true,"href":"https:\/\/www.myrtilledesologne.fr\/actualites\/wp-json\/wp\/v2\/tags?post=326"}],"curies":[{"name":"wp","href":"https:\/\/api.w.org\/{rel}","templated":true}]}}